{"id":1417,"date":"2024-02-11T13:14:10","date_gmt":"2024-02-11T12:14:10","guid":{"rendered":"https:\/\/fischenmit.de\/?p=1417"},"modified":"2024-02-11T13:14:10","modified_gmt":"2024-02-11T12:14:10","slug":"178-fischartenschutz-tagung","status":"publish","type":"post","link":"https:\/\/fischenmit.de\/?p=1417","title":{"rendered":"178. Fischartenschutz Tagung"},"content":{"rendered":"<p>20. Fachtagung<\/p>\n<p>Fischartenschutz &amp; Gew\u00e4sser\u00f6kologie<\/p>\n<p>9-10.2.2024 in Jena \/ Th\u00fcringen<\/p>\n<p><\/p>\n<p>Sind wir nur Angler oder auch Gew\u00e4ssersch\u00fctzer?<\/p>\n<p>Was bedeutet eigentlich Fischartenschutz oder Gew\u00e4sser\u00f6kologie?<\/p>\n<p>Sind wir als Angler den richtig auf so einer Veranstaltung?<\/p>\n<p>Marco und Patricia waren auf dieser Tagung dabei und berichten jetzt mal \u00fcber ihre Erfahrungen und Gedanken rund um diese Veranstaltung.<\/p>\n<p>Tolle Vortr\u00e4ge und Interessante Gespr\u00e4che wurden gef\u00fchrt und sorgten bei den beiden f\u00fcr reichlich Gespr\u00e4chsstoff und Fragen.<\/p>\n<p><\/p>\n<p>Was bringt Besatz in Seen wirklich?<\/p>\n<p>Wie effektiv sind Fischaufstiegsanlagen?<\/p>\n<p>Wie sch\u00fctzt man andere Wasserbewohner wie zum Beispiel, Krebse?<\/p>\n<p>Wie gef\u00e4hrlich sind Turbinen und Pumpen f\u00fcr Fische?<\/p>\n<p>Sollte man Kormorane bejagen?<\/p>\n<p>Kann man den Fischotter akzeptieren? <\/p>\n<p><\/p>\n<p>In dieser Folge teilen wir eben unser Meinungen mit euch, sind aber gleichzeitig mega interessiert was ihr dar\u00fcber denkt.<\/p>\n<p>Also seid nicht faul und lasst uns mal ne sch\u00f6ne Sammlung an Fragen und Meinungen zusammen tragen.<\/p>\n<p><\/p>\n<p>Viel Spass und dickes Petri w\u00fcnschen <\/p>\n<p>Patricia und Marco.<\/p>\n<p>&#8212;&#8212;&#8212;&#8212;&#8212;&#8212;&#8212;&#8212;&#8212;&#8212;&#8212;&#8212;&#8212;&#8212;&#8212;&#8212;&#8212;&#8212;&#8212;&#8212;&#8212;&#8211;<\/p>\n<p>Besucht uns auf Instagram Fischenmit.de oder auf der Website www.fischenmit.de <\/p>\n<p>email gerne \u00fcber marco@fischenmit.de<\/p>\n<div class=\"powerpress_player\" id=\"powerpress_player_7611\"><!--[if lt IE 9]><script>document.createElement('audio');<\/script><![endif]-->\n<audio class=\"wp-audio-shortcode\" id=\"audio-1417-1\" preload=\"none\" style=\"width: 100%;\" controls=\"controls\"><source type=\"audio\/mpeg\" src=\"https:\/\/anchor.fm\/s\/11f54fb8\/podcast\/play\/82523665\/https%3A%2F%2Fd3ctxlq1ktw2nl.cloudfront.net%2Fstaging%2F2024-1-11%2F367059771-44100-2-d4feb174c1f87.m4a?_=1\" \/><a href=\"https:\/\/anchor.fm\/s\/11f54fb8\/podcast\/play\/82523665\/https%3A%2F%2Fd3ctxlq1ktw2nl.cloudfront.net%2Fstaging%2F2024-1-11%2F367059771-44100-2-d4feb174c1f87.m4a\">https:\/\/anchor.fm\/s\/11f54fb8\/podcast\/play\/82523665\/https%3A%2F%2Fd3ctxlq1ktw2nl.cloudfront.net%2Fstaging%2F2024-1-11%2F367059771-44100-2-d4feb174c1f87.m4a<\/a><\/audio><\/div><p class=\"powerpress_links powerpress_links_m4a\" style=\"margin-bottom: 1px !important;\">Podcast: <a href=\"https:\/\/anchor.fm\/s\/11f54fb8\/podcast\/play\/82523665\/https%3A%2F%2Fd3ctxlq1ktw2nl.cloudfront.net%2Fstaging%2F2024-1-11%2F367059771-44100-2-d4feb174c1f87.m4a\" class=\"powerpress_link_pinw\" target=\"_blank\" title=\"Play in new window\" onclick=\"return powerpress_pinw('https:\/\/fischenmit.de\/?powerpress_pinw=1417-podcast');\" rel=\"nofollow\">Play in new window<\/a> | <a href=\"https:\/\/anchor.fm\/s\/11f54fb8\/podcast\/play\/82523665\/https%3A%2F%2Fd3ctxlq1ktw2nl.cloudfront.net%2Fstaging%2F2024-1-11%2F367059771-44100-2-d4feb174c1f87.m4a\" class=\"powerpress_link_d\" title=\"Download\" rel=\"nofollow\" download=\"https%3A%2F%2Fd3ctxlq1ktw2nl.cloudfront.net%2Fstaging%2F2024-1-11%2F367059771-44100-2-d4feb174c1f87.m4a\">Download<\/a><\/p>","protected":false},"excerpt":{"rendered":"<p>20. Fachtagung Fischartenschutz &amp; Gew\u00e4sser\u00f6kologie 9-10.2.2024 in Jena \/ Th\u00fcringen Sind wir nur Angler oder auch Gew\u00e4ssersch\u00fctzer? Was bedeutet eigentlich Fischartenschutz oder Gew\u00e4sser\u00f6kologie? Sind wir als Angler den richtig auf so einer Veranstaltung? Marco und Patricia waren auf dieser Tagung dabei und berichten jetzt mal \u00fcber ihre Erfahrungen und Gedanken rund um diese Veranstaltung. Tolle [&hellip;]<\/p>\n","protected":false},"author":1,"featured_media":1415,"comment_status":"open","ping_status":"open","sticky":false,"template":"","format":"standard","meta":{"_monsterinsights_skip_tracking":false,"_monsterinsights_sitenote_active":false,"_monsterinsights_sitenote_note":"","_monsterinsights_sitenote_category":0,"footnotes":""},"categories":[6],"tags":[],"_links":{"self":[{"href":"https:\/\/fischenmit.de\/index.php?rest_route=\/wp\/v2\/posts\/1417"}],"collection":[{"href":"https:\/\/fischenmit.de\/index.php?rest_route=\/wp\/v2\/posts"}],"about":[{"href":"https:\/\/fischenmit.de\/index.php?rest_route=\/wp\/v2\/types\/post"}],"author":[{"embeddable":true,"href":"https:\/\/fischenmit.de\/index.php?rest_route=\/wp\/v2\/users\/1"}],"replies":[{"embeddable":true,"href":"https:\/\/fischenmit.de\/index.php?rest_route=%2Fwp%2Fv2%2Fcomments&post=1417"}],"version-history":[{"count":0,"href":"https:\/\/fischenmit.de\/index.php?rest_route=\/wp\/v2\/posts\/1417\/revisions"}],"wp:featuredmedia":[{"embeddable":true,"href":"https:\/\/fischenmit.de\/index.php?rest_route=\/wp\/v2\/media\/1415"}],"wp:attachment":[{"href":"https:\/\/fischenmit.de\/index.php?rest_route=%2Fwp%2Fv2%2Fmedia&parent=1417"}],"wp:term":[{"taxonomy":"category","embeddable":true,"href":"https:\/\/fischenmit.de\/index.php?rest_route=%2Fwp%2Fv2%2Fcategories&post=1417"},{"taxonomy":"post_tag","embeddable":true,"href":"https:\/\/fischenmit.de\/index.php?rest_route=%2Fwp%2Fv2%2Ftags&post=1417"}],"curies":[{"name":"wp","href":"https:\/\/api.w.org\/{rel}","templated":true}]}}