{"id":1386,"date":"2023-05-01T20:27:18","date_gmt":"2023-05-01T18:27:18","guid":{"rendered":"https:\/\/fischenmit.de\/podcast\/166-patricia-und-marco-bei-der-ewf-2023\/"},"modified":"2023-05-01T20:27:18","modified_gmt":"2023-05-01T18:27:18","slug":"166-patricia-und-marco-bei-der-ewf-2023","status":"publish","type":"post","link":"https:\/\/fischenmit.de\/?p=1386","title":{"rendered":"166. Patricia und Marco bei der EWF 2023"},"content":{"rendered":"<p>Das Ende der Messesaison ist f\u00fcr uns die sch\u00f6nste Messe.<\/p>\n<p>Es ist f\u00fcr uns wie ein Heimkommen zu Freunden.<\/p>\n<p>Wer diese Messe noch nicht besucht hat, der, sollte das unbedingt mal machen.<\/p>\n<p>F\u00fcr jeden Interessierten f\u00fcr die Fliegenfischerei, ist es ein Muss. \ud83d\ude09<\/p>\n<p>Patricia und Marco lassen in dieser Folge den Besuch Revue passieren und genie\u00dfen mit euch die Interviews.<\/p>\n<p>Ramona Hans f\u00fcr das Thema Frauen und Angeln, TryFlyCrew Fashion mit Fischen mit Moritz Jovy, Kunst und Fischen mit Rudolph Faltis, Bambusruten und ihre Einzigartigkeit mit Robert Stroh, Fischen und anderen helfen, das Kinderhospitz M\u00fcnchen, Guiding und Co mit Flyrus oder eben die Stimme des Gastes mit Angela Kn\u00f6tzel.<\/p>\n<p>Selbst ein kurzer Ausflug zum Fischen nach Brasilien ist diesmal f\u00fcr euch mit dabei.<\/p>\n<p>Markus Kunter erz\u00e4hlt von seiner Reise.<\/p>\n<p>F\u00fcr uns war es ein Fest und wir freuen uns schon jetzt aufs n\u00e4chste Mal.<\/p>\n<p>Aber h\u00f6rt selbst rein.<\/p>\n<p>Dickes Petri und Bis bald,<\/p>\n<p>euer Marco.<\/p>\n<p><\/p>\n<p>&#8212;&#8212;&#8212;&#8212;&#8212;&#8212;&#8212;&#8212;&#8212;&#8212;&#8212;&#8212;&#8212;&#8212;&#8212;&#8212;<\/p>\n<p><\/p>\n<p>Feedback f\u00fcr alle die kein Instagram haben k\u00f6nnt Ihr hier hin senden &#8212; info@fischenmit.de \/ marco@fischenmit.de<\/p>\n<p><\/p>\n<p>Wir auf Instagram &#8212; https:\/\/www.instagram.com\/fischenmit&#8230;.<\/p>\n<div class=\"powerpress_player\" id=\"powerpress_player_8817\"><!--[if lt IE 9]><script>document.createElement('audio');<\/script><![endif]-->\n<audio class=\"wp-audio-shortcode\" id=\"audio-1386-1\" preload=\"none\" style=\"width: 100%;\" controls=\"controls\"><source type=\"audio\/mpeg\" src=\"https:\/\/anchor.fm\/s\/11f54fb8\/podcast\/play\/69617388\/https%3A%2F%2Fd3ctxlq1ktw2nl.cloudfront.net%2Fstaging%2F2023-4-1%2F327098012-44100-2-544ced220b7d1.m4a?_=1\" \/><a href=\"https:\/\/anchor.fm\/s\/11f54fb8\/podcast\/play\/69617388\/https%3A%2F%2Fd3ctxlq1ktw2nl.cloudfront.net%2Fstaging%2F2023-4-1%2F327098012-44100-2-544ced220b7d1.m4a\">https:\/\/anchor.fm\/s\/11f54fb8\/podcast\/play\/69617388\/https%3A%2F%2Fd3ctxlq1ktw2nl.cloudfront.net%2Fstaging%2F2023-4-1%2F327098012-44100-2-544ced220b7d1.m4a<\/a><\/audio><\/div><p class=\"powerpress_links powerpress_links_m4a\" style=\"margin-bottom: 1px !important;\">Podcast: <a href=\"https:\/\/anchor.fm\/s\/11f54fb8\/podcast\/play\/69617388\/https%3A%2F%2Fd3ctxlq1ktw2nl.cloudfront.net%2Fstaging%2F2023-4-1%2F327098012-44100-2-544ced220b7d1.m4a\" class=\"powerpress_link_pinw\" target=\"_blank\" title=\"Play in new window\" onclick=\"return powerpress_pinw('https:\/\/fischenmit.de\/?powerpress_pinw=1386-podcast');\" rel=\"nofollow\">Play in new window<\/a> | <a href=\"https:\/\/anchor.fm\/s\/11f54fb8\/podcast\/play\/69617388\/https%3A%2F%2Fd3ctxlq1ktw2nl.cloudfront.net%2Fstaging%2F2023-4-1%2F327098012-44100-2-544ced220b7d1.m4a\" class=\"powerpress_link_d\" title=\"Download\" rel=\"nofollow\" download=\"https%3A%2F%2Fd3ctxlq1ktw2nl.cloudfront.net%2Fstaging%2F2023-4-1%2F327098012-44100-2-544ced220b7d1.m4a\">Download<\/a><\/p>","protected":false},"excerpt":{"rendered":"<p>Das Ende der Messesaison ist f\u00fcr uns die sch\u00f6nste Messe. Es ist f\u00fcr uns wie ein Heimkommen zu Freunden. Wer diese Messe noch nicht besucht hat, der, sollte das unbedingt mal machen. F\u00fcr jeden Interessierten f\u00fcr die Fliegenfischerei, ist es ein Muss. \ud83d\ude09 Patricia und Marco lassen in dieser Folge den Besuch Revue passieren und [&hellip;]<\/p>\n","protected":false},"author":1,"featured_media":1246,"comment_status":"open","ping_status":"open","sticky":false,"template":"","format":"standard","meta":{"_monsterinsights_skip_tracking":false,"_monsterinsights_sitenote_active":false,"_monsterinsights_sitenote_note":"","_monsterinsights_sitenote_category":0,"footnotes":""},"categories":[6],"tags":[],"_links":{"self":[{"href":"https:\/\/fischenmit.de\/index.php?rest_route=\/wp\/v2\/posts\/1386"}],"collection":[{"href":"https:\/\/fischenmit.de\/index.php?rest_route=\/wp\/v2\/posts"}],"about":[{"href":"https:\/\/fischenmit.de\/index.php?rest_route=\/wp\/v2\/types\/post"}],"author":[{"embeddable":true,"href":"https:\/\/fischenmit.de\/index.php?rest_route=\/wp\/v2\/users\/1"}],"replies":[{"embeddable":true,"href":"https:\/\/fischenmit.de\/index.php?rest_route=%2Fwp%2Fv2%2Fcomments&post=1386"}],"version-history":[{"count":0,"href":"https:\/\/fischenmit.de\/index.php?rest_route=\/wp\/v2\/posts\/1386\/revisions"}],"wp:featuredmedia":[{"embeddable":true,"href":"https:\/\/fischenmit.de\/index.php?rest_route=\/wp\/v2\/media\/1246"}],"wp:attachment":[{"href":"https:\/\/fischenmit.de\/index.php?rest_route=%2Fwp%2Fv2%2Fmedia&parent=1386"}],"wp:term":[{"taxonomy":"category","embeddable":true,"href":"https:\/\/fischenmit.de\/index.php?rest_route=%2Fwp%2Fv2%2Fcategories&post=1386"},{"taxonomy":"post_tag","embeddable":true,"href":"https:\/\/fischenmit.de\/index.php?rest_route=%2Fwp%2Fv2%2Ftags&post=1386"}],"curies":[{"name":"wp","href":"https:\/\/api.w.org\/{rel}","templated":true}]}}