{"id":1214,"date":"2022-05-09T06:58:56","date_gmt":"2022-05-09T04:58:56","guid":{"rendered":"https:\/\/fischenmit.de\/podcast\/122-1-mai-woche-2022\/"},"modified":"2022-05-09T06:58:56","modified_gmt":"2022-05-09T04:58:56","slug":"122-1-mai-woche-2022","status":"publish","type":"post","link":"https:\/\/fischenmit.de\/?p=1214","title":{"rendered":"122. 1. Mai Woche 2022"},"content":{"rendered":"<p>Guten Tag liebe Angelfreunde,<br \/>\nin der heutigen Folge hat sich Marco allein durch all die Angelthemen unserer kleinen Welt gek\u00e4mpft. Aber seid nicht traurig, schon in der kommenden bzw. aktuellen Woche habt ihr mit etwas Gl\u00fcck noch eine 2. Folge vom Podcast im Ohr \ud83d\ude42 Klingt verr\u00fcckt, wissen wir, aber wartet es mal ab \ud83d\ude00<\/p>\n<p>Ansonsten, Marco hat eure Beitr\u00e4ge auf Instagram kommentiert, es ging um die Fisch und Fliege, um seine erste Woche im Mai auf die Raubfische unserer Gew\u00e4sser und um unseren Adventskalender, nicht zu vergessen &#8211; der Ausflug an die Schwarza und nat\u00fcrlich unser H\u00f6rertreffen welches wir anders gestalten wollen als bisher geplant. Ein bunter Mix also.<\/p>\n<p>Danke f\u00fcrs zuh\u00f6ren!<br \/>\nPetri heil, Marco und Stephan<\/p>\n<p><\/p>\n<p>Unterst\u00fctzen k\u00f6nnt Ihr uns hier &#8211;&gt; https:\/\/fischenmit.de\/unterstuetze-uns\/<\/p>\n<p>Feedback f\u00fcr alle die kein Instagram haben k\u00f6nnt Ihr hier hin senden &#8211;&gt; info@fischenmit.de \/ marco@fischenmit.de \/ stephan@fischenmit.de<\/p>\n<p>Wir auf Instagram &#8211;&gt; https:\/\/www.instagram.com\/fischenmit.de_der_angelpodcast\/<\/p>\n<div class=\"powerpress_player\" id=\"powerpress_player_125\"><!--[if lt IE 9]><script>document.createElement('audio');<\/script><![endif]-->\n<audio class=\"wp-audio-shortcode\" id=\"audio-1214-1\" preload=\"none\" style=\"width: 100%;\" controls=\"controls\"><source type=\"audio\/mpeg\" src=\"https:\/\/anchor.fm\/s\/11f54fb8\/podcast\/play\/51726871\/https%3A%2F%2Fd3ctxlq1ktw2nl.cloudfront.net%2Fstaging%2F2022-4-9%2F264381955-44100-2-ca95a0d8dab7a.m4a?_=1\" \/><a href=\"https:\/\/anchor.fm\/s\/11f54fb8\/podcast\/play\/51726871\/https%3A%2F%2Fd3ctxlq1ktw2nl.cloudfront.net%2Fstaging%2F2022-4-9%2F264381955-44100-2-ca95a0d8dab7a.m4a\">https:\/\/anchor.fm\/s\/11f54fb8\/podcast\/play\/51726871\/https%3A%2F%2Fd3ctxlq1ktw2nl.cloudfront.net%2Fstaging%2F2022-4-9%2F264381955-44100-2-ca95a0d8dab7a.m4a<\/a><\/audio><\/div><p class=\"powerpress_links powerpress_links_m4a\" style=\"margin-bottom: 1px !important;\">Podcast: <a href=\"https:\/\/anchor.fm\/s\/11f54fb8\/podcast\/play\/51726871\/https%3A%2F%2Fd3ctxlq1ktw2nl.cloudfront.net%2Fstaging%2F2022-4-9%2F264381955-44100-2-ca95a0d8dab7a.m4a\" class=\"powerpress_link_pinw\" target=\"_blank\" title=\"Play in new window\" onclick=\"return powerpress_pinw('https:\/\/fischenmit.de\/?powerpress_pinw=1214-podcast');\" rel=\"nofollow\">Play in new window<\/a> | <a href=\"https:\/\/anchor.fm\/s\/11f54fb8\/podcast\/play\/51726871\/https%3A%2F%2Fd3ctxlq1ktw2nl.cloudfront.net%2Fstaging%2F2022-4-9%2F264381955-44100-2-ca95a0d8dab7a.m4a\" class=\"powerpress_link_d\" title=\"Download\" rel=\"nofollow\" download=\"https%3A%2F%2Fd3ctxlq1ktw2nl.cloudfront.net%2Fstaging%2F2022-4-9%2F264381955-44100-2-ca95a0d8dab7a.m4a\">Download<\/a><\/p>","protected":false},"excerpt":{"rendered":"<p>Guten Tag liebe Angelfreunde, in der heutigen Folge hat sich Marco allein durch all die Angelthemen unserer kleinen Welt gek\u00e4mpft. Aber seid nicht traurig, schon in der kommenden bzw. aktuellen Woche habt ihr mit etwas Gl\u00fcck noch eine 2. Folge vom Podcast im Ohr \ud83d\ude42 Klingt verr\u00fcckt, wissen wir, aber wartet es mal ab \ud83d\ude00 [&hellip;]<\/p>\n","protected":false},"author":1,"featured_media":1215,"comment_status":"open","ping_status":"open","sticky":false,"template":"","format":"standard","meta":{"_monsterinsights_skip_tracking":false,"_monsterinsights_sitenote_active":false,"_monsterinsights_sitenote_note":"","_monsterinsights_sitenote_category":0,"footnotes":""},"categories":[6],"tags":[],"_links":{"self":[{"href":"https:\/\/fischenmit.de\/index.php?rest_route=\/wp\/v2\/posts\/1214"}],"collection":[{"href":"https:\/\/fischenmit.de\/index.php?rest_route=\/wp\/v2\/posts"}],"about":[{"href":"https:\/\/fischenmit.de\/index.php?rest_route=\/wp\/v2\/types\/post"}],"author":[{"embeddable":true,"href":"https:\/\/fischenmit.de\/index.php?rest_route=\/wp\/v2\/users\/1"}],"replies":[{"embeddable":true,"href":"https:\/\/fischenmit.de\/index.php?rest_route=%2Fwp%2Fv2%2Fcomments&post=1214"}],"version-history":[{"count":0,"href":"https:\/\/fischenmit.de\/index.php?rest_route=\/wp\/v2\/posts\/1214\/revisions"}],"wp:featuredmedia":[{"embeddable":true,"href":"https:\/\/fischenmit.de\/index.php?rest_route=\/wp\/v2\/media\/1215"}],"wp:attachment":[{"href":"https:\/\/fischenmit.de\/index.php?rest_route=%2Fwp%2Fv2%2Fmedia&parent=1214"}],"wp:term":[{"taxonomy":"category","embeddable":true,"href":"https:\/\/fischenmit.de\/index.php?rest_route=%2Fwp%2Fv2%2Fcategories&post=1214"},{"taxonomy":"post_tag","embeddable":true,"href":"https:\/\/fischenmit.de\/index.php?rest_route=%2Fwp%2Fv2%2Ftags&post=1214"}],"curies":[{"name":"wp","href":"https:\/\/api.w.org\/{rel}","templated":true}]}}