{"id":1190,"date":"2022-04-11T20:04:13","date_gmt":"2022-04-11T18:04:13","guid":{"rendered":"https:\/\/fischenmit.de\/?p=1190"},"modified":"2022-04-11T20:15:36","modified_gmt":"2022-04-11T18:15:36","slug":"adventskalender-in-der-fisch-fang","status":"publish","type":"post","link":"https:\/\/fischenmit.de\/?p=1190","title":{"rendered":"Adventskalender in der Fisch &#038; Fang"},"content":{"rendered":"\t\t<div data-elementor-type=\"wp-post\" data-elementor-id=\"1190\" class=\"elementor elementor-1190\">\n\t\t\t\t\t\t<section class=\"elementor-section elementor-top-section elementor-element elementor-element-fa005de elementor-section-boxed elementor-section-height-default elementor-section-height-default\" data-id=\"fa005de\" data-element_type=\"section\" data-settings=\"{&quot;background_background&quot;:&quot;classic&quot;}\">\n\t\t\t\t\t\t<div class=\"elementor-container elementor-column-gap-default\">\n\t\t\t\t\t<div class=\"elementor-column elementor-col-100 elementor-top-column elementor-element elementor-element-bb986f0\" data-id=\"bb986f0\" data-element_type=\"column\">\n\t\t\t<div class=\"elementor-widget-wrap elementor-element-populated\">\n\t\t\t\t\t\t<div class=\"elementor-element elementor-element-13bbc1f elementor-widget elementor-widget-spacer\" data-id=\"13bbc1f\" data-element_type=\"widget\" data-widget_type=\"spacer.default\">\n\t\t\t\t<div class=\"elementor-widget-container\">\n\t\t\t\t\t\t\t<div class=\"elementor-spacer\">\n\t\t\t<div class=\"elementor-spacer-inner\"><\/div>\n\t\t<\/div>\n\t\t\t\t\t\t<\/div>\n\t\t\t\t<\/div>\n\t\t\t\t\t<\/div>\n\t\t<\/div>\n\t\t\t\t\t<\/div>\n\t\t<\/section>\n\t\t\t\t<section class=\"elementor-section elementor-top-section elementor-element elementor-element-80b724f elementor-section-boxed elementor-section-height-default elementor-section-height-default\" data-id=\"80b724f\" data-element_type=\"section\">\n\t\t\t\t\t\t<div class=\"elementor-container elementor-column-gap-default\">\n\t\t\t\t\t<div class=\"elementor-column elementor-col-100 elementor-top-column elementor-element elementor-element-b758d6f\" data-id=\"b758d6f\" data-element_type=\"column\">\n\t\t\t<div class=\"elementor-widget-wrap elementor-element-populated\">\n\t\t\t\t\t\t<div class=\"elementor-element elementor-element-c0b44be elementor-widget elementor-widget-text-editor\" data-id=\"c0b44be\" data-element_type=\"widget\" data-widget_type=\"text-editor.default\">\n\t\t\t\t<div class=\"elementor-widget-container\">\n\t\t\t\t\t\t\t\t\t<p>Unsere Adventskalenderaktion wurde in der Fisch &amp; Fang Ausgabe 70 gefeatured. Wir sind super geflasht und finden es richtig klasse, dass unser Kalender jetzt in einer bekannten Angelzeitschrift Erw\u00e4hnung findet.<\/p><p>50 Adventskalender, 1 Podcast und dein Projekt\/Verein<\/p><p>Du oder dein Verein habt ein Projekt welches sich ums Angeln, Naturschutz am und im Wasser, Renaturierung oder auch Jugendarbeit dreht,<br \/>eure Arbeit ist gemeinn\u00fctzig und transparent, euch geht es darum dass, die Hilfe da ankommt wo sie gebraucht wird und ihr braucht noch Unterst\u00fctzung f\u00fcr euer Projekt?<br \/>Wenn, Ja,<br \/>dann solltet ihr euch unbedingt bei Stephan und Marco vom Podcast www.fischenmit.de (fischenmit.de &#8211; der Angelpodcast) bewerben.<\/p><p>Einfach eine Email mit einem kurzen Video und eine Beschreibung eures Projekts an\u00a0<a href=\"mailto:info@fischenmit.de\" target=\"_blank\" rel=\"noopener\"><u>info@fischenmit.de<\/u><\/a>\u00a0senden und schon habt ihr die Chance auf eine der 3 Spendensummen.<br \/>Gespendet wird der Erl\u00f6s aus der Aktion \u201eAdventskalender 2022&#8243;, bei der sich 24 Fliegenbinder bereit erkl\u00e4rt haben, je 50 Fliegen zu spenden um daraus 50 Adventskalender zu gestalten. Darunter befinden sich auch namenhafte Binder wie Regine Maguhna oder Karl Flick und andere tolle Binder mit denen Stephan und Marco durch ihre nun schon \u00fcber 2 J\u00e4hrige Podcastgeschichte in Kontakt gekommen sind.<\/p>\t\t\t\t\t\t\t\t<\/div>\n\t\t\t\t<\/div>\n\t\t\t\t\t<\/div>\n\t\t<\/div>\n\t\t\t\t\t<\/div>\n\t\t<\/section>\n\t\t\t\t<\/div>\n\t\t","protected":false},"excerpt":{"rendered":"<p>Unsere Adventskalenderaktion wurde in der Fisch &amp; Fang Ausgabe 70 gefeatured. Wir sind super geflasht und finden es richtig klasse, dass unser Kalender jetzt in einer bekannten Angelzeitschrift Erw\u00e4hnung findet. 50 Adventskalender, 1 Podcast und dein Projekt\/Verein Du oder dein Verein habt ein Projekt welches sich ums Angeln, Naturschutz am und im Wasser, Renaturierung oder [&hellip;]<\/p>\n","protected":false},"author":1,"featured_media":1176,"comment_status":"open","ping_status":"open","sticky":false,"template":"","format":"standard","meta":{"_monsterinsights_skip_tracking":false,"_monsterinsights_sitenote_active":false,"_monsterinsights_sitenote_note":"","_monsterinsights_sitenote_category":0,"footnotes":""},"categories":[6,7],"tags":[],"_links":{"self":[{"href":"https:\/\/fischenmit.de\/index.php?rest_route=\/wp\/v2\/posts\/1190"}],"collection":[{"href":"https:\/\/fischenmit.de\/index.php?rest_route=\/wp\/v2\/posts"}],"about":[{"href":"https:\/\/fischenmit.de\/index.php?rest_route=\/wp\/v2\/types\/post"}],"author":[{"embeddable":true,"href":"https:\/\/fischenmit.de\/index.php?rest_route=\/wp\/v2\/users\/1"}],"replies":[{"embeddable":true,"href":"https:\/\/fischenmit.de\/index.php?rest_route=%2Fwp%2Fv2%2Fcomments&post=1190"}],"version-history":[{"count":8,"href":"https:\/\/fischenmit.de\/index.php?rest_route=\/wp\/v2\/posts\/1190\/revisions"}],"predecessor-version":[{"id":1198,"href":"https:\/\/fischenmit.de\/index.php?rest_route=\/wp\/v2\/posts\/1190\/revisions\/1198"}],"wp:featuredmedia":[{"embeddable":true,"href":"https:\/\/fischenmit.de\/index.php?rest_route=\/wp\/v2\/media\/1176"}],"wp:attachment":[{"href":"https:\/\/fischenmit.de\/index.php?rest_route=%2Fwp%2Fv2%2Fmedia&parent=1190"}],"wp:term":[{"taxonomy":"category","embeddable":true,"href":"https:\/\/fischenmit.de\/index.php?rest_route=%2Fwp%2Fv2%2Fcategories&post=1190"},{"taxonomy":"post_tag","embeddable":true,"href":"https:\/\/fischenmit.de\/index.php?rest_route=%2Fwp%2Fv2%2Ftags&post=1190"}],"curies":[{"name":"wp","href":"https:\/\/api.w.org\/{rel}","templated":true}]}}